{"id":28974,"date":"2021-12-21T11:46:00","date_gmt":"2021-12-21T10:46:00","guid":{"rendered":"https:\/\/helvethica.ch\/?p=28974"},"modified":"2022-02-21T23:18:34","modified_gmt":"2022-02-21T22:18:34","slug":"%f0%9f%96%90-difference-01","status":"publish","type":"post","link":"https:\/\/helvethica.ch\/it\/%f0%9f%96%90-difference-01\/","title":{"rendered":"\ud83d\udd90 Diff\u00e9rence #01"},"content":{"rendered":"<p><em>On nous demande souvent en quoi notre proposition est-elle diff\u00e9rente des autres partis politiques. Voici une s\u00e9rie d\u2019\u00e9l\u00e9ments de r\u00e9ponse.<\/em><\/p>\n\n\n\n<p>Helv<strong>Ethica<\/strong> n\u2019a aucune couleur politique et <strong>ne se positionne ni \u00e0 gauche, ni \u00e0 droite, ni au centre<\/strong> de l\u2019\u00e9chiquier.<\/p>\n\n\n\n<p>HelvEthica consid\u00e8re que <strong>les 8.7 millions d\u2019habitants de ce pays sont des \u00eatres humains avant toute chose<\/strong>. Et qu\u2019en l\u2019occurrence, ils ont le droit \u00e0 la dignit\u00e9 et au respect. \u00c0 la libert\u00e9 de pens\u00e9e et de parole. La libert\u00e9 de s\u2019informer, de douter, de questionner et d\u2019appliquer le principe de prudence. La libert\u00e9 de circuler, de travailler, de se r\u00e9unir, d\u2019aller \u00e0 l\u2019\u00e9cole. La libert\u00e9 de disposer de leur corps comme ils l\u2019entendent\u2026<\/p>\n\n\n\n<p>Helv<strong>Ethica<\/strong> n\u2019a pas d\u2019autres objectifs politiques que de <strong>pr\u00e9server les droits fondamentaux de chacun<\/strong>, quel qu\u2019il soit. Et pour ce faire, HelvEthica se base notamment sur le bon sens et la sagesse des articles de la Constitution ainsi que sur la D\u00e9claration universelle des droits de l\u2019homme.<\/p>\n\n\n\n<p>Il n\u2019y a rien d\u2019autre \u00e0 dire. <strong>Aucun parti politique en Suisse n\u2019a \u00e9t\u00e9 fond\u00e9 et n\u2019agit que sur la base de la d\u00e9fense des droits humains. Nous oui<\/strong> !<\/p>\n\n\n\n<p>MERCI DE VOS PARTAGES !!!<\/p>\n\n\n\n<p>Inscrivez-vous dans&nbsp;<a href=\"https:\/\/t.me\/HelvEthicaTicino\" target=\"_blank\" rel=\"noreferrer noopener\">le canal Telegram d\u2019HelvEthica<\/a>&nbsp;pour suivre les actualit\u00e9s.<\/p>","protected":false},"excerpt":{"rendered":"<p>On nous demande souvent en quoi notre proposition est-elle diff\u00e9rente des autres partis politiques. Voici une s\u00e9rie d\u2019\u00e9l\u00e9ments de r\u00e9ponse. HelvEthica n\u2019a aucune couleur politique et ne se positionne ni \u00e0 gauche, ni \u00e0 droite, ni au centre de l\u2019\u00e9chiquier. HelvEthica consid\u00e8re que les 8.7 millions d\u2019habitants de ce pays sont des \u00eatres humains avant&hellip;&nbsp;<a href=\"https:\/\/helvethica.ch\/it\/%f0%9f%96%90-difference-01\/\" rel=\"bookmark\">Leggi tutto &raquo;<span class=\"screen-reader-text\">\ud83d\udd90 Diff\u00e9rence #01<\/span><\/a><\/p>","protected":false},"author":3,"featured_media":0,"comment_status":"open","ping_status":"open","sticky":false,"template":"","format":"standard","meta":{"neve_meta_sidebar":"","neve_meta_container":"","neve_meta_enable_content_width":"","neve_meta_content_width":0,"neve_meta_title_alignment":"","neve_meta_author_avatar":"","neve_post_elements_order":"","neve_meta_disable_header":"","neve_meta_disable_footer":"","neve_meta_disable_title":"","footnotes":""},"categories":[1],"tags":[],"class_list":["post-28974","post","type-post","status-publish","format-standard","hentry","category-articles"],"_links":{"self":[{"href":"https:\/\/helvethica.ch\/it\/wp-json\/wp\/v2\/posts\/28974","targetHints":{"allow":["GET"]}}],"collection":[{"href":"https:\/\/helvethica.ch\/it\/wp-json\/wp\/v2\/posts"}],"about":[{"href":"https:\/\/helvethica.ch\/it\/wp-json\/wp\/v2\/types\/post"}],"author":[{"embeddable":true,"href":"https:\/\/helvethica.ch\/it\/wp-json\/wp\/v2\/users\/3"}],"replies":[{"embeddable":true,"href":"https:\/\/helvethica.ch\/it\/wp-json\/wp\/v2\/comments?post=28974"}],"version-history":[{"count":2,"href":"https:\/\/helvethica.ch\/it\/wp-json\/wp\/v2\/posts\/28974\/revisions"}],"predecessor-version":[{"id":29098,"href":"https:\/\/helvethica.ch\/it\/wp-json\/wp\/v2\/posts\/28974\/revisions\/29098"}],"wp:attachment":[{"href":"https:\/\/helvethica.ch\/it\/wp-json\/wp\/v2\/media?parent=28974"}],"wp:term":[{"taxonomy":"category","embeddable":true,"href":"https:\/\/helvethica.ch\/it\/wp-json\/wp\/v2\/categories?post=28974"},{"taxonomy":"post_tag","embeddable":true,"href":"https:\/\/helvethica.ch\/it\/wp-json\/wp\/v2\/tags?post=28974"}],"curies":[{"name":"wp","href":"https:\/\/api.w.org\/{rel}","templated":true}]}}